{"id":146,"date":"2011-06-12T14:50:47","date_gmt":"2011-06-12T14:50:47","guid":{"rendered":"http:\/\/localhost:8888\/?p=146"},"modified":"2020-02-01T12:29:47","modified_gmt":"2020-02-01T12:29:47","slug":"fur-jurgen-und-kristof-zusammen-bringen","status":"publish","type":"post","link":"https:\/\/valentingerstberger.de\/?p=146","title":{"rendered":"F\u00fcr J\u00fcrgen und Kristof &#8211; Zusammen bringen"},"content":{"rendered":"<p>Rede zur Hochzeit von Prof. J\u00fcrgen Erbach und Kristof Heil am 15. August 2008.<\/p>\n<p>Was soll man sagen, eigentlich ist dieses au\u00dfergew\u00f6hnliche, f\u00fcr Wetzlar fast ein wenig hochexotische Gespann, ein schwules P\u00e4rchen, jetzt also Ehepaar, mit zwei wei\u00dfen Modeh\u00fcndchen, Max und Moritz, wertvollen Uhren und Schmuck eine Einheit, die nicht so ohne weiteres in ihre Einzelteile zerlegt werden kann:<\/p>\n<p>Alles greift ineinander, passt, sitzt, selbst die Auseinandersetzungen, die kleinen Z\u00e4nkereien, Sticheleien, das was scheinbar nicht passt, das ist alles aufeinander eingespielt, in zwei Jahrzehnten zusammengeschmolzen zu einem gro\u00dfen spannenden Ganzen.<br \/>\n20 Jahre.<\/p>\n<p><!--more--><\/p>\n<p>Und die beiden drolligen H\u00fcndchen passen dabei rein wie die Faust aufs Auge. Die teuren Autos und der etwas l\u00e4ssige Lebensstil in der Wohnung, die B\u00fcros, die beim Eintreten erst in der Tiefe des Raumes ihren repr\u00e4sentativen Eindruck vermitteln, an dem ja schlie\u00dflich auch gearbeitet wurde \u2013<br \/>\ndas alles zusammen bildet, zusammen mit den sehr menschlichen Z\u00fcgen der beiden Protagonisten, ihrem Charme, ihrer F\u00fcrsorge anderen gegen\u00fcber, gerade auch dann, wenn sie nicht unbedingt auf akademischer, monet\u00e4rer, gesellschaftlicher Augenh\u00f6he stehen<br \/>\nein harmonisches Miteinander, das, wie der Optikparcours, strahlt, schillert, lebendig gurrt und sprudelt.<\/p>\n<p>Einen Augenblick Rast? Ja den g\u00f6nnen sich beide, Kristof und J\u00fcrgen nat\u00fcrlich auch \u2013 im Privaten. \u00d6ffentlich sind beide immer auf Zack, in st\u00e4ndiger Bewegung, ruhelos, manchmal sogar am Rennen.<br \/>\nAm Reden. Am Machen und am Tun.<\/p>\n<p>Sie bewegen sich in den h\u00f6chsten Kreisen genauso selbstverst\u00e4ndlich wie sie den Umgang mit dem Personal von Ebene 3 und Sonnendeck oder dem Hausmeister\u00a0 pflegen.<br \/>\nSie kommen zu Recht mit K\u00fcnstlern, Studenten und Outsidern genauso wie mit Unternehmern, Ministern, Staatsbeamten, Bankern und Gesch\u00e4ftsleuten. Sogar mit Journalisten.<br \/>\nSie bringen Menschen zusammen. Menschen, die vielleicht gar nicht zusammen geh\u00f6ren wollen und doch hingezogen werden zum gemeinsamen Chillen mit freiem Blick zum Wahrzeichen, dem Dom oder eben an einem Strang ziehen wie beim B\u00fcrgerprojekt Optikparcours.<br \/>\nZwei Zusammenbringer.<br \/>\nWoher diese ungebremste Dynamik? Wie schaffen sie es, diesen Elan aufzubringen? Vielleicht ziehen sie ihre Kr\u00e4fte aus einer unausgesprochenen Konkurrenz, einem f\u00fcr Au\u00dfenstehende nicht nachvollziehbaren Wettstreit. Anzug gegen Lederjacke. Der eine auf der ganz glanzvollen B\u00fchne der Society, der andere auf dem Humus der Gesellschaft, dem Partyvolk, bei den Vergn\u00fcgungss\u00fcchtigen, dem Untergrund.<br \/>\nNachtleben bis in die fr\u00fchen Morgenstunden.<br \/>\nAber auch hier Ambitionen: ein stilvolles Ambiente in einer Stadt, die so etwas noch nicht gesehen hat.<\/p>\n<p>Also, da wirken doch in diesem Konglomerat zweier Pers\u00f6nlichkeiten innere Fliehkr\u00e4fte, die alles immer wieder in Bewegung bringen und vorantreiben. F\u00fcr \u00dcberraschung ist jedenfalls immer gesorgt. Ist das eine Projekt gerade mal halbfertig, spukt den beiden schon das n\u00e4chste im Kopf rum.<br \/>\nDann werden schon wieder Weichen gestellt, die n\u00e4chsten\u00a0 T\u00fcren eingerannt.<\/p>\n<p>Was soll blo\u00df aus Wetzlar noch werden? fragen die einen voller Bange.<br \/>\nDie Kreativen, Aufgeschlossenen, Weltzugewandten aber voller Hoffnung, Tatendrang und\u00a0 Neugierde, denn jeder ist ja eingeladen, mitzumachen, selbst Ideen einzubringen.<br \/>\nM\u00f6glichkeiten ohne Ende.<\/p>\n<p>Sogar Geld ist pl\u00f6tzlich da, wo vorher keins war, wenn wieder was gebraucht wird, kein Problem, dem J\u00fcrgen f\u00e4llt bestimmt was ein.<br \/>\nZum Beispiel: \u201eB\u00fcrgerzertifikate\u201c<\/p>\n<p>Da ist aber nat\u00fcrlich noch was ganz anderes am Werk, was bei dieser ganzen Umtriebigkeit leicht \u00fcbersehen wird: Die innere Verbundenheit von Kristof und J\u00fcrgen. Ihre gegenseitige Wertsch\u00e4tzung und Achtung voreinander.<br \/>\nSie m\u00fcssen sich wohl sehr lieben.<br \/>\nDas wollen sie mit dieser Hochzeit uns allen heute verk\u00fcnden.<\/p>\n<p>Was die beiden verbindet? Wer will das sagen? Ein Geheimnis? Soviel ist sicher: Gemeinsam gelingt es ihnen, ihre \u2013 wie die immer noch anhaltenden Diskussionen um ihre Segnung im Dom zeigen \u2013 nach wie vor problematische &#8211; Homosexualit\u00e4t auch nach au\u00dfen selbstbewusst zu leben und voller Freude mit anderen zu feiern, was wei\u00df Gott nicht gerade selbstverst\u00e4ndlich ist &#8211; aber doch sein sollte.<\/p>\n<p>Dieser Zusammenhalt verleiht ihnen jene Kraft, die auf andere ausstrahlt, die Menschen motiviert und anspornt. Nicht stehen bleiben, sondern was tun. Nicht klagen, aber kritisch sein und handeln, da kann man schon noch was lernen.<\/p>\n<p>In diesem Sinne lassen Sie uns das heutige Ereignis feiern in der Gewissheit, dass Kristof und J\u00fcrgen ihre positive Ausstrahlung behalten werden und wir alle sie mit unserer Anteilnahme an ihrem Gl\u00fcck und unserem Interesse an ihren Aktivit\u00e4ten auch weiterhin begleiten,\u00a0 best\u00e4rken und unterst\u00fctzen werden.<\/p>\n<p>Sto\u00dfen wir mit Kristof und J\u00fcrgen an,<\/p>\n<p>Zwei total Verr\u00fcckte!<br \/>\nJa, wer zu seiner Verr\u00fccktheit steht,<br \/>\nkann einiges verr\u00fccken.<\/p>\n","protected":false},"excerpt":{"rendered":"<p>Rede zur Hochzeit von Prof. J\u00fcrgen Erbach und Kristof Heil am 15. August 2008. Was soll man sagen, eigentlich ist dieses au\u00dfergew\u00f6hnliche, f\u00fcr Wetzlar fast ein wenig hochexotische Gespann, ein schwules P\u00e4rchen, jetzt also Ehepaar, mit zwei wei\u00dfen Modeh\u00fcndchen, Max und Moritz, wertvollen Uhren und Schmuck eine Einheit, die nicht so ohne weiteres in ihre &hellip; <\/p>\n<p class=\"link-more\"><a href=\"https:\/\/valentingerstberger.de\/?p=146\" class=\"more-link\"><span class=\"screen-reader-text\">\u201eF\u00fcr J\u00fcrgen und Kristof &#8211; Zusammen bringen\u201c <\/span>weiterlesen<\/a><\/p>\n","protected":false},"author":1,"featured_media":0,"comment_status":"open","ping_status":"open","sticky":false,"template":"","format":"standard","meta":{"footnotes":""},"categories":[11],"tags":[],"class_list":["post-146","post","type-post","status-publish","format-standard","hentry","category-reden"],"_links":{"self":[{"href":"https:\/\/valentingerstberger.de\/index.php?rest_route=\/wp\/v2\/posts\/146","targetHints":{"allow":["GET"]}}],"collection":[{"href":"https:\/\/valentingerstberger.de\/index.php?rest_route=\/wp\/v2\/posts"}],"about":[{"href":"https:\/\/valentingerstberger.de\/index.php?rest_route=\/wp\/v2\/types\/post"}],"author":[{"embeddable":true,"href":"https:\/\/valentingerstberger.de\/index.php?rest_route=\/wp\/v2\/users\/1"}],"replies":[{"embeddable":true,"href":"https:\/\/valentingerstberger.de\/index.php?rest_route=%2Fwp%2Fv2%2Fcomments&post=146"}],"version-history":[{"count":1,"href":"https:\/\/valentingerstberger.de\/index.php?rest_route=\/wp\/v2\/posts\/146\/revisions"}],"predecessor-version":[{"id":627,"href":"https:\/\/valentingerstberger.de\/index.php?rest_route=\/wp\/v2\/posts\/146\/revisions\/627"}],"wp:attachment":[{"href":"https:\/\/valentingerstberger.de\/index.php?rest_route=%2Fwp%2Fv2%2Fmedia&parent=146"}],"wp:term":[{"taxonomy":"category","embeddable":true,"href":"https:\/\/valentingerstberger.de\/index.php?rest_route=%2Fwp%2Fv2%2Fcategories&post=146"},{"taxonomy":"post_tag","embeddable":true,"href":"https:\/\/valentingerstberger.de\/index.php?rest_route=%2Fwp%2Fv2%2Ftags&post=146"}],"curies":[{"name":"wp","href":"https:\/\/api.w.org\/{rel}","templated":true}]}}